{"id":9535,"date":"2018-10-11T19:46:24","date_gmt":"2018-10-11T19:46:24","guid":{"rendered":"http:\/\/blackbeltwhitehat.com\/?p=9535"},"modified":"2018-10-14T13:52:54","modified_gmt":"2018-10-14T13:52:54","slug":"todos-somos-uno-por-que-nadie-muere-ni-vive-realmente","status":"publish","type":"post","link":"https:\/\/blackbeltwhitehat.com\/es\/2018\/10\/11\/todos-somos-uno-por-que-nadie-muere-ni-vive-realmente\/","title":{"rendered":"Todos somos uno (Por qu\u00e9 nadie muere realmente)"},"content":{"rendered":"<p><img data-recalc-dims=\"1\" loading=\"lazy\" decoding=\"async\" data-attachment-id=\"3082\" data-permalink=\"https:\/\/blackbeltwhitehat.com\/es\/2015\/07\/30\/resumen-y-resena-del-poder-del-ahora\/genki-sudo\/\" data-orig-file=\"https:\/\/i0.wp.com\/blackbeltwhitehat.com\/wp-content\/uploads\/2015\/07\/genki-sudo.jpg?fit=493%2C347&amp;ssl=1\" data-orig-size=\"493,347\" data-comments-opened=\"1\" data-image-meta=\"{&quot;aperture&quot;:&quot;0&quot;,&quot;credit&quot;:&quot;&quot;,&quot;camera&quot;:&quot;&quot;,&quot;caption&quot;:&quot;&quot;,&quot;created_timestamp&quot;:&quot;0&quot;,&quot;copyright&quot;:&quot;&quot;,&quot;focal_length&quot;:&quot;0&quot;,&quot;iso&quot;:&quot;0&quot;,&quot;shutter_speed&quot;:&quot;0&quot;,&quot;title&quot;:&quot;&quot;,&quot;orientation&quot;:&quot;0&quot;}\" data-image-title=\"genki-sudo\" data-image-description=\"&lt;p&gt;Genki&lt;\/p&gt;\" data-image-caption=\"&lt;p&gt;Philosophy&lt;\/p&gt;\" data-large-file=\"https:\/\/i0.wp.com\/blackbeltwhitehat.com\/wp-content\/uploads\/2015\/07\/genki-sudo.jpg?fit=493%2C347&amp;ssl=1\" class=\"alignnone size-full wp-image-3082\" src=\"https:\/\/i0.wp.com\/blackbeltwhitehat.com\/wp-content\/uploads\/2015\/07\/genki-sudo.jpg?resize=493%2C347&#038;ssl=1\" alt=\"Todos somos uno\" width=\"493\" height=\"347\" \/><\/p>\n<p>&nbsp;<\/p>\n<p>Ayer fue el D\u00eda Mundial de la Salud Mental. No soy muy partidario de los d\u00edas de &quot;concienciaci\u00f3n&quot;, creo que traen problemas, pero no soluciones.<\/p>\n<p>Creo que la depresi\u00f3n es un problema que tiene varias causas\u2026<\/p>\n<ul>\n<li>Falta de ejercicio<\/li>\n<li>Mala alimentaci\u00f3n e inflamaci\u00f3n intestinal<\/li>\n<li>Falta de luz solar<\/li>\n<li>Estar demasiado tiempo sentado\/mala postura<\/li>\n<li>Redes sociales<\/li>\n<li>Marketing<\/li>\n<li>Mierda de televisi\u00f3n<\/li>\n<li>Derecho<\/li>\n<li>Falta de &#039;\u2018<a href=\"https:\/\/www.psychologytoday.com\/intl\/blog\/out-the-darkness\/201111\/can-suffering-make-us-stronger\" target=\"_blank\" rel=\"noopener\">sufrimiento<\/a>\u2018&#039;\/estar demasiado protegido<\/li>\n<li>Expectativas poco realistas<\/li>\n<li><a href=\"https:\/\/study.com\/academy\/lesson\/how-seligmans-learned-helplessness-theory-applies-to-human-depression-and-stress.html\" target=\"_blank\" rel=\"noopener\">Indefensi\u00f3n aprendida<\/a> y falta de propiedad<\/li>\n<\/ul>\n<p>\u00a1Qu\u00e9 asunto m\u00e1s complicado!<\/p>\n<p>El marketing, las redes sociales y las expectativas se relacionan en su mayor\u00eda con la noci\u00f3n hippie de &quot;todos somos uno&quot;...<\/p>\n<hr \/>\n<hr \/>\n<h2>Marketing: vender algo y hacer que la gente se sienta insegura e inadecuada<\/h2>\n<p>Si los centros comerciales s\u00f3lo fueran frecuentados por monjes budistas, no vender\u00edan nada.<\/p>\n<p>Las personas que est\u00e1n contentas todav\u00eda tienen &quot;necesidades&quot; como comida, agua y refugio, pero no tienen &quot;deseos&quot; como autos lujosos, ropa, etc.<\/p>\n<p>La clave del marketing es hacer que la gente piense que... <em>necesidad<\/em> ciertos productos que en realidad s\u00f3lo quieren.<\/p>\n<p>\u00bfQuieres ser feliz? Necesitas x, y, z.<\/p>\n<p>\u00bfQuieres tener \u00e9xito? Necesitas a, b y c.<\/p>\n<p>Lo mejor de todo es que las personas son lo suficientemente cr\u00e9dulas como para transmitir sus inseguridades a los dem\u00e1s.<\/p>\n<p>Si no llevas la ropa adecuada, por ejemplo, siempre habr\u00e1 alguien que se burle de ti. Sin darse cuenta, solo est\u00e1n proyectando sus inseguridades (y mensajes publicitarios) en ti.<\/p>\n<p>Hay presi\u00f3n para usar la ropa adecuada, conducir el auto adecuado, tener el trabajo, la esposa\/el esposo, los hijos, la casa, etc. adecuados.<\/p>\n<p>La gran consecuencia de todos estos mensajes de marketing es que nos volvemos inseguros y, por lo tanto, egoc\u00e9ntricos.<\/p>\n<p>Pensamos en lo que nos falta, en lo que queremos, y nos ensimismamos y nos sentimos separados de los dem\u00e1s.<\/p>\n<p>Para m\u00ed, esta separaci\u00f3n de los dem\u00e1s es una ilusi\u00f3n y tambi\u00e9n un problema.<\/p>\n<hr \/>\n<hr \/>\n<h2>Reality TV y redes sociales<\/h2>\n<p>Estos inventos del siglo XXI no ayudan porque nos hacen compararnos constantemente con los dem\u00e1s y tambi\u00e9n juzgar constantemente a los dem\u00e1s.<\/p>\n<p>Un vistazo de 30 segundos a tu muro de Facebook te permite comparar tu vida con la de muchas otras personas. Generalmente, con un resultado desfavorable.<\/p>\n<p>&nbsp;<\/p>\n<p>Vemos a gente aparentemente est\u00fapida en programas de televisi\u00f3n como TOWIE que tiene Range Rovers y muchos otros bienes materiales caros y nos sentimos con derecho a lo mismo.<\/p>\n<p>Una vez m\u00e1s, cuanto m\u00e1s juzgamos, m\u00e1s nos sentimos con derecho, porque sentimos que somos mejores que los dem\u00e1s.<\/p>\n<figure id=\"attachment_9538\" aria-describedby=\"caption-attachment-9538\" style=\"width: 444px\" class=\"wp-caption alignnone\"><img data-recalc-dims=\"1\" loading=\"lazy\" decoding=\"async\" data-attachment-id=\"9538\" data-permalink=\"https:\/\/blackbeltwhitehat.com\/es\/2018\/10\/11\/todos-somos-uno-por-que-nadie-muere-ni-vive-realmente\/monkeys_unequalpay\/\" data-orig-file=\"https:\/\/i0.wp.com\/blackbeltwhitehat.com\/wp-content\/uploads\/2018\/10\/monkeys_unequalpay.gif?fit=444%2C250&amp;ssl=1\" data-orig-size=\"444,250\" data-comments-opened=\"1\" data-image-meta=\"{&quot;aperture&quot;:&quot;0&quot;,&quot;credit&quot;:&quot;&quot;,&quot;camera&quot;:&quot;&quot;,&quot;caption&quot;:&quot;&quot;,&quot;created_timestamp&quot;:&quot;0&quot;,&quot;copyright&quot;:&quot;&quot;,&quot;focal_length&quot;:&quot;0&quot;,&quot;iso&quot;:&quot;0&quot;,&quot;shutter_speed&quot;:&quot;0&quot;,&quot;title&quot;:&quot;&quot;,&quot;orientation&quot;:&quot;0&quot;}\" data-image-title=\"monkeys_UnequalPay\" data-image-description=\"\" data-image-caption=\"&lt;p&gt;The Monkey On the Left Feels Entitled to the Same Reward as the one on the Right&lt;\/p&gt;\" data-large-file=\"https:\/\/i0.wp.com\/blackbeltwhitehat.com\/wp-content\/uploads\/2018\/10\/monkeys_unequalpay.gif?fit=444%2C250&amp;ssl=1\" class=\"alignnone size-full wp-image-9538\" src=\"https:\/\/i0.wp.com\/blackbeltwhitehat.com\/wp-content\/uploads\/2018\/10\/monkeys_unequalpay.gif?resize=444%2C250&#038;ssl=1\" alt=\"salario desigual\" width=\"444\" height=\"250\" \/><figcaption id=\"caption-attachment-9538\" class=\"wp-caption-text\">El mono de la izquierda se siente con derecho a la misma recompensa que el de la derecha<\/figcaption><\/figure>\n<p>&nbsp;<\/p>\n<p>Tambi\u00e9n comparamos nuestra apariencia, nuestra riqueza y, como consecuencia, nos volvemos egoc\u00e9ntricos.<\/p>\n<p>&nbsp;<\/p>\n<hr \/>\n<hr \/>\n<h2>Todo es una ilusi\u00f3n<\/h2>\n<p>&nbsp;<\/p>\n<blockquote>\n<pre>Los pensamientos sobre uno mismo crean la mayor parte de nuestro sufrimiento.<\/pre>\n<\/blockquote>\n<p>Somos m\u00e1s felices cuando perdemos el concepto de \u2018yo\u2019.<\/p>\n<p>Cuando estamos ocupados practicando un deporte y concentrados en el bal\u00f3n, o cuando vemos un programa de televisi\u00f3n que nos mantiene en vilo, por ejemplo, ambos nos quitan la preocupaci\u00f3n por nosotros mismos.<\/p>\n<p>La iron\u00eda es que no existe el yo.<\/p>\n<p>&nbsp;<\/p>\n<hr \/>\n<p>&nbsp;<\/p>\n<p><strong>M\u00edrelo desde un punto de vista cient\u00edfico.<\/strong><\/p>\n<ul>\n<li>Todos los \u00e1tomos y mol\u00e9culas de nuestro cuerpo tienen miles de millones de a\u00f1os (<a href=\"https:\/\/www.space.com\/35276-humans-made-of-stardust-galaxy-life-elements.html\" target=\"_blank\" rel=\"noopener\">principalmente de estrellas en explosi\u00f3n<\/a>)<\/li>\n<li>Tu cuerpo es materia y energ\u00eda \u2013 <a href=\"https:\/\/futurism.com\/the-physics-of-death\" target=\"_blank\" rel=\"noopener\">Ninguno de los cuales puede ser destruido<\/a><\/li>\n<li>Intercambiamos continuamente energ\u00eda con nuestro entorno: alimentos, calor, etc.<\/li>\n<li>Todos los \u00e1tomos de nuestro cuerpo intercambian continuamente con el medio ambiente.<\/li>\n<\/ul>\n<p>Cuanto m\u00e1s separados y aislados nos sentimos unos de otros, m\u00e1s enfermos mentales parecemos estar.<\/p>\n<p>Nos volvemos narcisistas o muy cohibidos e inseguros. En cualquier caso, son los pensamientos constantes sobre nosotros mismos los que nos molestan.<\/p>\n<p>Todo esto es una tonter\u00eda, todos somos una sola energ\u00eda, una sola conciencia paralela.<\/p>\n<p>&nbsp;<\/p>\n<blockquote>\n<h4>Al morir, el conjunto de \u00e1tomos que te compone (un universo dentro del universo) se reutiliza. Esos \u00e1tomos y esa energ\u00eda, originados durante el Big Bang, siempre estar\u00e1n presentes. Por lo tanto, tu &quot;luz&quot;, es decir, la esencia de tu energ\u00eda \u2014que no debe confundirse con tu consciencia real\u2014, seguir\u00e1 resonando por el espacio hasta el fin de los tiempos.<\/h4>\n<\/blockquote>\n<p>&nbsp;<\/p>\n<p>\u00bfQu\u00e9 es el yo?<\/p>\n<p>\u00bfRealmente existe?<\/p>\n<p>No me parece<\/p>\n<p><img data-recalc-dims=\"1\" loading=\"lazy\" decoding=\"async\" data-attachment-id=\"9554\" data-permalink=\"https:\/\/blackbeltwhitehat.com\/es\/2018\/10\/11\/todos-somos-uno-por-que-nadie-muere-ni-vive-realmente\/allone\/\" data-orig-file=\"https:\/\/i0.wp.com\/blackbeltwhitehat.com\/wp-content\/uploads\/2018\/10\/allone.jpg?fit=564%2C816&amp;ssl=1\" data-orig-size=\"564,816\" data-comments-opened=\"1\" data-image-meta=\"{&quot;aperture&quot;:&quot;0&quot;,&quot;credit&quot;:&quot;&quot;,&quot;camera&quot;:&quot;&quot;,&quot;caption&quot;:&quot;&quot;,&quot;created_timestamp&quot;:&quot;0&quot;,&quot;copyright&quot;:&quot;&quot;,&quot;focal_length&quot;:&quot;0&quot;,&quot;iso&quot;:&quot;0&quot;,&quot;shutter_speed&quot;:&quot;0&quot;,&quot;title&quot;:&quot;&quot;,&quot;orientation&quot;:&quot;0&quot;}\" data-image-title=\"allone\" data-image-description=\"\" data-image-caption=\"\" data-large-file=\"https:\/\/i0.wp.com\/blackbeltwhitehat.com\/wp-content\/uploads\/2018\/10\/allone.jpg?fit=564%2C816&amp;ssl=1\" class=\"alignnone size-full wp-image-9554\" src=\"https:\/\/i0.wp.com\/blackbeltwhitehat.com\/wp-content\/uploads\/2018\/10\/allone.jpg?resize=564%2C816&#038;ssl=1\" alt=\"Aln vatios\" width=\"564\" height=\"816\" \/><\/p>\n<hr \/>\n<p>&nbsp;<\/p>\n<p><img data-recalc-dims=\"1\" loading=\"lazy\" decoding=\"async\" data-attachment-id=\"9536\" data-permalink=\"https:\/\/blackbeltwhitehat.com\/es\/2018\/10\/11\/todos-somos-uno-por-que-nadie-muere-ni-vive-realmente\/death\/\" data-orig-file=\"https:\/\/i0.wp.com\/blackbeltwhitehat.com\/wp-content\/uploads\/2018\/10\/death.png?fit=446%2C596&amp;ssl=1\" data-orig-size=\"446,596\" data-comments-opened=\"1\" data-image-meta=\"{&quot;aperture&quot;:&quot;0&quot;,&quot;credit&quot;:&quot;&quot;,&quot;camera&quot;:&quot;&quot;,&quot;caption&quot;:&quot;&quot;,&quot;created_timestamp&quot;:&quot;0&quot;,&quot;copyright&quot;:&quot;&quot;,&quot;focal_length&quot;:&quot;0&quot;,&quot;iso&quot;:&quot;0&quot;,&quot;shutter_speed&quot;:&quot;0&quot;,&quot;title&quot;:&quot;&quot;,&quot;orientation&quot;:&quot;0&quot;}\" data-image-title=\"death\" data-image-description=\"\" data-image-caption=\"\" data-large-file=\"https:\/\/i0.wp.com\/blackbeltwhitehat.com\/wp-content\/uploads\/2018\/10\/death.png?fit=446%2C596&amp;ssl=1\" class=\"alignnone size-full wp-image-9536\" src=\"https:\/\/i0.wp.com\/blackbeltwhitehat.com\/wp-content\/uploads\/2018\/10\/death.png?resize=446%2C596&#038;ssl=1\" alt=\"muerte\" width=\"446\" height=\"596\" \/><\/p>\n<p><a href=\"https:\/\/futurism.com\/the-physics-of-death\" target=\"_blank\" rel=\"noopener\">fuente<\/a><\/p>\n<p>&nbsp;<\/p>\n<hr \/>\n<p>&nbsp;<\/p>\n<p>Para obtener consejos menos vagos y sorprendentes sobre la depresi\u00f3n, he escrito algunas publicaciones detalladas al respecto, que puedes leer. <a href=\"https:\/\/blackbeltwhitehat.com\/es\/2017\/09\/23\/how-i-overcame-depression-suicidal-thoughts\/\">aqu\u00ed<\/a> y <a href=\"https:\/\/blackbeltwhitehat.com\/es\/2016\/10\/20\/dieta-para-la-depresion-y-la-ansiedad\/\">aqu\u00ed<\/a><\/p>\n<p>&nbsp;<\/p>","protected":false},"excerpt":{"rendered":"<p>&nbsp; It was World Mental Health Day yesterday. I&#8217;m not a huge fan of &#8216;awareness&#8217; days, I think they bring problems but not solutions. I think depression is a problem that has a number of causes&#8230; Lack of exercise Poor Diet &amp; Gut inflammation Lack of sunlight Too much sitting\/Poor posture Social Media Marketing Shite [&hellip;]<\/p>\n","protected":false},"author":41980142,"featured_media":0,"comment_status":"open","ping_status":"open","sticky":false,"template":"","format":"standard","meta":{"_coblocks_attr":"","_coblocks_dimensions":"","_coblocks_responsive_height":"","_coblocks_accordion_ie_support":"","_jetpack_newsletter_access":"","_jetpack_dont_email_post_to_subs":false,"_jetpack_newsletter_tier_id":0,"_jetpack_memberships_contains_paywalled_content":false,"_wpcom_ai_launchpad_first_post":false,"_jetpack_feature_clip_id":0,"_jetpack_memberships_contains_paid_content":false,"footnotes":"","jetpack_publicize_message":"","jetpack_publicize_feature_enabled":true,"jetpack_social_post_already_shared":false,"jetpack_social_options":{"image_generator_settings":{"template":"highway","default_image_id":0,"font":"","enabled":false},"version":2},"jetpack_post_was_ever_published":false},"categories":[2007,1],"tags":[3252,5551,5004,160432,34941026,1211,2105776],"class_list":["post-9535","post","type-post","status-publish","format-standard","hentry","category-musings","category-uncategorized","tag-anxiety","tag-depression","tag-mental-health","tag-mental-health-day","tag-mma-2","tag-physics","tag-world-mental-health-day"],"yoast_head":"<!-- This site is optimized with the Yoast SEO plugin v28.4 - https:\/\/yoast.com\/product\/yoast-seo-wordpress\/ -->\n<title>We Are All One (Why Nobody Really Dies) - Fitness &amp; MMA Blog - BlackBeltWhiteHat.com<\/title>\n<meta name=\"robots\" content=\"index, follow, max-snippet:-1, max-image-preview:large, max-video-preview:-1\" \/>\n<link rel=\"canonical\" href=\"https:\/\/blackbeltwhitehat.com\/es\/2018\/10\/11\/todos-somos-uno-por-que-nadie-muere-ni-vive-realmente\/\" \/>\n<meta property=\"og:locale\" content=\"es_ES\" \/>\n<meta property=\"og:type\" content=\"article\" \/>\n<meta property=\"og:title\" content=\"We Are All One (Why Nobody Really Dies) - Fitness &amp; MMA Blog - BlackBeltWhiteHat.com\" \/>\n<meta property=\"og:description\" content=\"&nbsp; It was World Mental Health Day yesterday. I&#8217;m not a huge fan of &#8216;awareness&#8217; days, I think they bring problems but not solutions. I think depression is a problem that has a number of causes&#8230; Lack of exercise Poor Diet &amp; Gut inflammation Lack of sunlight Too much sitting\/Poor posture Social Media Marketing Shite [&hellip;]\" \/>\n<meta property=\"og:url\" content=\"https:\/\/blackbeltwhitehat.com\/es\/2018\/10\/11\/todos-somos-uno-por-que-nadie-muere-ni-vive-realmente\/\" \/>\n<meta property=\"og:site_name\" content=\"Fitness &amp; MMA Blog - BlackBeltWhiteHat.com\" \/>\n<meta property=\"article:publisher\" content=\"https:\/\/www.facebook.com\/BlackBeltWhiteHat\/\" \/>\n<meta property=\"article:published_time\" content=\"2018-10-11T19:46:24+00:00\" \/>\n<meta property=\"article:modified_time\" content=\"2018-10-14T13:52:54+00:00\" \/>\n<meta property=\"og:image\" content=\"https:\/\/blackbeltwhitehat.com\/wp-content\/uploads\/2015\/07\/genki-sudo.jpg\" \/>\n<meta name=\"author\" content=\"Dave\" \/>\n<meta name=\"twitter:card\" content=\"summary_large_image\" \/>\n<meta name=\"twitter:creator\" content=\"@MMATraining1980\" \/>\n<meta name=\"twitter:site\" content=\"@MMATraining1980\" \/>\n<meta name=\"twitter:label1\" content=\"Escrito por\" \/>\n\t<meta name=\"twitter:data1\" content=\"Dave\" \/>\n\t<meta name=\"twitter:label2\" content=\"Tiempo de lectura\" \/>\n\t<meta name=\"twitter:data2\" content=\"4 minutos\" \/>\n<!-- \/ Yoast SEO plugin. -->","yoast_head_json":{"title":"Todos Somos Uno (Por qu\u00e9 nadie muere realmente) - Blog de Fitness y MMA - BlackBeltWhiteHat.com","robots":{"index":"index","follow":"follow","max-snippet":"max-snippet:-1","max-image-preview":"max-image-preview:large","max-video-preview":"max-video-preview:-1"},"canonical":"https:\/\/blackbeltwhitehat.com\/es\/2018\/10\/11\/todos-somos-uno-por-que-nadie-muere-ni-vive-realmente\/","og_locale":"es_ES","og_type":"article","og_title":"We Are All One (Why Nobody Really Dies) - Fitness &amp; MMA Blog - BlackBeltWhiteHat.com","og_description":"&nbsp; It was World Mental Health Day yesterday. I&#8217;m not a huge fan of &#8216;awareness&#8217; days, I think they bring problems but not solutions. I think depression is a problem that has a number of causes&#8230; Lack of exercise Poor Diet &amp; Gut inflammation Lack of sunlight Too much sitting\/Poor posture Social Media Marketing Shite [&hellip;]","og_url":"https:\/\/blackbeltwhitehat.com\/es\/2018\/10\/11\/todos-somos-uno-por-que-nadie-muere-ni-vive-realmente\/","og_site_name":"Fitness &amp; MMA Blog - BlackBeltWhiteHat.com","article_publisher":"https:\/\/www.facebook.com\/BlackBeltWhiteHat\/","article_published_time":"2018-10-11T19:46:24+00:00","article_modified_time":"2018-10-14T13:52:54+00:00","og_image":[{"url":"https:\/\/blackbeltwhitehat.com\/wp-content\/uploads\/2015\/07\/genki-sudo.jpg","type":"","width":"","height":""}],"author":"Dave","twitter_card":"summary_large_image","twitter_creator":"@MMATraining1980","twitter_site":"@MMATraining1980","twitter_misc":{"Escrito por":"Dave","Tiempo de lectura":"4 minutos"},"schema":{"@context":"https:\/\/schema.org","@graph":[{"@type":"Article","@id":"https:\/\/blackbeltwhitehat.com\/2018\/10\/11\/we-are-all-one-why-nobody-really-dies-or-lives\/#article","isPartOf":{"@id":"https:\/\/blackbeltwhitehat.com\/2018\/10\/11\/we-are-all-one-why-nobody-really-dies-or-lives\/"},"author":{"name":"Dave","@id":"https:\/\/blackbeltwhitehat.com\/en\/#\/schema\/person\/f009f75d478333ab9af4d98d1c2d03bd"},"headline":"We Are All One (Why Nobody Really Dies)","datePublished":"2018-10-11T19:46:24+00:00","dateModified":"2018-10-14T13:52:54+00:00","mainEntityOfPage":{"@id":"https:\/\/blackbeltwhitehat.com\/2018\/10\/11\/we-are-all-one-why-nobody-really-dies-or-lives\/"},"wordCount":725,"commentCount":0,"publisher":{"@id":"https:\/\/blackbeltwhitehat.com\/en\/#organization"},"image":{"@id":"https:\/\/blackbeltwhitehat.com\/2018\/10\/11\/we-are-all-one-why-nobody-really-dies-or-lives\/#primaryimage"},"thumbnailUrl":"https:\/\/blackbeltwhitehat.com\/wp-content\/uploads\/2015\/07\/genki-sudo.jpg","keywords":["anxiety","depression","mental health","mental health day","mma","physics","world mental health day"],"articleSection":["Musings","Uncategorized"],"inLanguage":"es","potentialAction":[{"@type":"CommentAction","name":"Comment","target":["https:\/\/blackbeltwhitehat.com\/2018\/10\/11\/we-are-all-one-why-nobody-really-dies-or-lives\/#respond"]}]},{"@type":"WebPage","@id":"https:\/\/blackbeltwhitehat.com\/2018\/10\/11\/we-are-all-one-why-nobody-really-dies-or-lives\/","url":"https:\/\/blackbeltwhitehat.com\/2018\/10\/11\/we-are-all-one-why-nobody-really-dies-or-lives\/","name":"Todos Somos Uno (Por qu\u00e9 nadie muere realmente) - Blog de Fitness y MMA - BlackBeltWhiteHat.com","isPartOf":{"@id":"https:\/\/blackbeltwhitehat.com\/en\/#website"},"primaryImageOfPage":{"@id":"https:\/\/blackbeltwhitehat.com\/2018\/10\/11\/we-are-all-one-why-nobody-really-dies-or-lives\/#primaryimage"},"image":{"@id":"https:\/\/blackbeltwhitehat.com\/2018\/10\/11\/we-are-all-one-why-nobody-really-dies-or-lives\/#primaryimage"},"thumbnailUrl":"https:\/\/blackbeltwhitehat.com\/wp-content\/uploads\/2015\/07\/genki-sudo.jpg","datePublished":"2018-10-11T19:46:24+00:00","dateModified":"2018-10-14T13:52:54+00:00","breadcrumb":{"@id":"https:\/\/blackbeltwhitehat.com\/2018\/10\/11\/we-are-all-one-why-nobody-really-dies-or-lives\/#breadcrumb"},"inLanguage":"es","potentialAction":[{"@type":"ReadAction","target":["https:\/\/blackbeltwhitehat.com\/2018\/10\/11\/we-are-all-one-why-nobody-really-dies-or-lives\/"]}]},{"@type":"ImageObject","inLanguage":"es","@id":"https:\/\/blackbeltwhitehat.com\/2018\/10\/11\/we-are-all-one-why-nobody-really-dies-or-lives\/#primaryimage","url":"https:\/\/blackbeltwhitehat.com\/wp-content\/uploads\/2015\/07\/genki-sudo.jpg","contentUrl":"https:\/\/blackbeltwhitehat.com\/wp-content\/uploads\/2015\/07\/genki-sudo.jpg"},{"@type":"BreadcrumbList","@id":"https:\/\/blackbeltwhitehat.com\/2018\/10\/11\/we-are-all-one-why-nobody-really-dies-or-lives\/#breadcrumb","itemListElement":[{"@type":"ListItem","position":1,"name":"Home","item":"https:\/\/blackbeltwhitehat.com\/"},{"@type":"ListItem","position":2,"name":"We Are All One (Why Nobody Really Dies)"}]},{"@type":"WebSite","@id":"https:\/\/blackbeltwhitehat.com\/en\/#website","url":"https:\/\/blackbeltwhitehat.com\/en\/","name":"Blog de fitness y MMA - BlackBeltWhiteHat.com","description":"Blog de fitness, MMA y nutrici\u00f3n del Reino Unido","publisher":{"@id":"https:\/\/blackbeltwhitehat.com\/en\/#organization"},"potentialAction":[{"@type":"SearchAction","target":{"@type":"EntryPoint","urlTemplate":"https:\/\/blackbeltwhitehat.com\/en\/?s={search_term_string}"},"query-input":{"@type":"PropertyValueSpecification","valueRequired":true,"valueName":"search_term_string"}}],"inLanguage":"es"},{"@type":"Organization","@id":"https:\/\/blackbeltwhitehat.com\/en\/#organization","name":"Blog de fitness y MMA - BlackBeltWhiteHat.com","url":"https:\/\/blackbeltwhitehat.com\/en\/","logo":{"@type":"ImageObject","inLanguage":"es","@id":"https:\/\/blackbeltwhitehat.com\/en\/#\/schema\/logo\/image\/","url":"https:\/\/blackbeltwhitehat.com\/wp-content\/uploads\/2019\/06\/cropped-mmabloglogodis-copy.png","contentUrl":"https:\/\/blackbeltwhitehat.com\/wp-content\/uploads\/2019\/06\/cropped-mmabloglogodis-copy.png","width":352,"height":352,"caption":"Fitness & MMA Blog - BlackBeltWhiteHat.com"},"image":{"@id":"https:\/\/blackbeltwhitehat.com\/en\/#\/schema\/logo\/image\/"},"sameAs":["https:\/\/www.facebook.com\/BlackBeltWhiteHat\/","https:\/\/x.com\/MMATraining1980"]},{"@type":"Person","@id":"https:\/\/blackbeltwhitehat.com\/en\/#\/schema\/person\/f009f75d478333ab9af4d98d1c2d03bd","name":"Dave","image":{"@type":"ImageObject","inLanguage":"es","@id":"https:\/\/secure.gravatar.com\/avatar\/e84bb8dd328aa13877039998cc07d77b62f98c8100dba6c4acb436a41e2a08ac?s=96&d=identicon&r=g","url":"https:\/\/secure.gravatar.com\/avatar\/e84bb8dd328aa13877039998cc07d77b62f98c8100dba6c4acb436a41e2a08ac?s=96&d=identicon&r=g","contentUrl":"https:\/\/secure.gravatar.com\/avatar\/e84bb8dd328aa13877039998cc07d77b62f98c8100dba6c4acb436a41e2a08ac?s=96&d=identicon&r=g","caption":"Dave"},"description":"Explorador del norte de Gales","sameAs":["http:\/\/seoandmma.wordpress.com"],"url":"https:\/\/blackbeltwhitehat.com\/es\/author\/seoandmma\/"}]}},"jetpack_publicize_connections":[],"jetpack_likes_enabled":true,"jetpack_sharing_enabled":true,"jetpack_shortlink":"https:\/\/wp.me\/p2Sx3t-2tN","jetpack-related-posts":[{"id":6909,"url":"https:\/\/blackbeltwhitehat.com\/es\/2017\/06\/09\/resumen-de-la-experiencia-de-joe-rogan-968-y-kelly-brogan\/","url_meta":{"origin":9535,"position":0},"title":"Experiencia con Joe Rogan #968 \u2013 Kelly Brogan \u2013 Resumen","author":"Dave","date":"junio 9, 2017","format":false,"excerpt":"https:\/\/www.youtube.com\/watch?v=cunSB69gaec El tema general es que Kelly Brogan, una m\u00e9dica cualificada, sol\u00eda recetar medicamentos para tratar problemas de salud mental con poco \u00e9xito, pero ahora utiliza cambios en el estilo de vida que incluyen pautas diet\u00e9ticas personalizadas (la carne roja org\u00e1nica es imprescindible, pero nada de l\u00e1cteos) y enemas de caf\u00e9, que se dice que\u2026","rel":"","context":"En \u00abMMA\u00bb","block_context":{"text":"MMA","link":"https:\/\/blackbeltwhitehat.com\/es\/categoria\/artes-marciales-mixtas\/"},"img":{"alt_text":"","src":"https:\/\/i0.wp.com\/blackbeltwhitehat.com\/wp-content\/uploads\/2017\/06\/mindofyourown.png?resize=350%2C200&ssl=1","width":350,"height":200},"classes":[]},{"id":6228,"url":"https:\/\/blackbeltwhitehat.com\/es\/2016\/10\/25\/psilocibina-para-la-depresion-y-la-ansiedad\/","url_meta":{"origin":9535,"position":1},"title":"Psilocibina para la depresi\u00f3n y la ansiedad","author":"Dave","date":"octubre 25, 2016","format":false,"excerpt":"https:\/\/youtu.be\/ZHLJVcpnxXI Psicod\u00e9licos y salud mental La psilocibina se encuentra en los &quot;hongos m\u00e1gicos&quot; Advertencia: \u00a1comer hongos equivocados puede ser mortal! Una investigaci\u00f3n de la Facultad de Medicina Johns Hopkins demostr\u00f3 que las personas mostraron un aumento positivo a largo plazo en el estado de \u00e1nimo despu\u00e9s de una sesi\u00f3n controlada con psilocibina. 46 participantes, con una edad promedio de 46 a\u00f1os, recibieron\u2026","rel":"","context":"En \u00abMusings\u00bb","block_context":{"text":"Musings","link":"https:\/\/blackbeltwhitehat.com\/es\/categoria\/reflexiones\/"},"img":{"alt_text":"","src":"https:\/\/i0.wp.com\/img.youtube.com\/vi\/ZHLJVcpnxXI\/0.jpg?resize=350%2C200","width":350,"height":200},"classes":[]},{"id":6157,"url":"https:\/\/blackbeltwhitehat.com\/es\/2016\/10\/20\/dieta-para-la-depresion-y-la-ansiedad\/","url_meta":{"origin":9535,"position":2},"title":"Dieta para la depresi\u00f3n y la ansiedad","author":"Dave","date":"octubre 20, 2016","format":false,"excerpt":"https:\/\/youtu.be\/8dfzHaqEuZ4 *Dieta bajo su propia responsabilidad. Solo con fines informativos* La salud intestinal est\u00e1 fuertemente correlacionada con la depresi\u00f3n. Puede leer un estudio interesante aqu\u00ed para obtener m\u00e1s informaci\u00f3n. Una mala salud intestinal provoca inflamaci\u00f3n. Una mala alimentaci\u00f3n tambi\u00e9n puede da\u00f1ar la barrera hematoencef\u00e1lica. Combine ambos y\u2026","rel":"","context":"En \u00abNutrition\u00bb","block_context":{"text":"Nutrition","link":"https:\/\/blackbeltwhitehat.com\/es\/categoria\/nutricion\/"},"img":{"alt_text":"CBD Oil Infographic","src":"https:\/\/i0.wp.com\/blackbeltwhitehat.com\/wp-content\/uploads\/2017\/07\/cbdoilinfographic4.png?resize=350%2C200&ssl=1","width":350,"height":200,"srcset":"https:\/\/i0.wp.com\/blackbeltwhitehat.com\/wp-content\/uploads\/2017\/07\/cbdoilinfographic4.png?resize=350%2C200&ssl=1 1x, https:\/\/i0.wp.com\/blackbeltwhitehat.com\/wp-content\/uploads\/2017\/07\/cbdoilinfographic4.png?resize=525%2C300&ssl=1 1.5x, https:\/\/i0.wp.com\/blackbeltwhitehat.com\/wp-content\/uploads\/2017\/07\/cbdoilinfographic4.png?resize=700%2C400&ssl=1 2x"},"classes":[]},{"id":8570,"url":"https:\/\/blackbeltwhitehat.com\/es\/2017\/11\/09\/tratamiento-del-dolor-muscular-y-articular\/","url_meta":{"origin":9535,"position":3},"title":"Tratamiento del dolor muscular y articular","author":"Dave","date":"noviembre 9, 2017","format":false,"excerpt":"Desde el sobreentrenamiento hasta el estr\u00e9s y la ansiedad en general, el dolor muscular y articular son dolencias cada vez m\u00e1s frecuentes. El dolor puede ser una causa directa de depresi\u00f3n y ansiedad, pero tambi\u00e9n puede deberse a problemas de salud mental, como el estr\u00e9s. Cualquiera que sea su origen, el dolor f\u00edsico y la salud mental parecen estar estrechamente relacionados\u2026","rel":"","context":"En \u00abFitness\u00bb","block_context":{"text":"Fitness","link":"https:\/\/blackbeltwhitehat.com\/es\/categoria\/aptitud-fisica\/"},"img":{"alt_text":"treating muscle pain","src":"https:\/\/i0.wp.com\/blackbeltwhitehat.com\/wp-content\/uploads\/2017\/11\/musclepainheader.jpg?resize=350%2C200&ssl=1","width":350,"height":200,"srcset":"https:\/\/i0.wp.com\/blackbeltwhitehat.com\/wp-content\/uploads\/2017\/11\/musclepainheader.jpg?resize=350%2C200&ssl=1 1x, https:\/\/i0.wp.com\/blackbeltwhitehat.com\/wp-content\/uploads\/2017\/11\/musclepainheader.jpg?resize=525%2C300&ssl=1 1.5x, https:\/\/i0.wp.com\/blackbeltwhitehat.com\/wp-content\/uploads\/2017\/11\/musclepainheader.jpg?resize=700%2C400&ssl=1 2x, https:\/\/i0.wp.com\/blackbeltwhitehat.com\/wp-content\/uploads\/2017\/11\/musclepainheader.jpg?resize=1050%2C600&ssl=1 3x, https:\/\/i0.wp.com\/blackbeltwhitehat.com\/wp-content\/uploads\/2017\/11\/musclepainheader.jpg?resize=1400%2C800&ssl=1 4x"},"classes":[]},{"id":5539,"url":"https:\/\/blackbeltwhitehat.com\/es\/2016\/09\/07\/los-beneficios-de-hacer-ejercicio-al-aire-libre\/","url_meta":{"origin":9535,"position":4},"title":"Los beneficios de hacer ejercicio al aire libre (Ejercicio Verde)","author":"Dave","date":"septiembre 7, 2016","format":false,"excerpt":"https:\/\/www.youtube.com\/watch?v=MyrmT2ZGPr0 Las investigaciones sugieren que hacer ejercicio al aire libre, en la naturaleza, tiene beneficios para la salud mental que van m\u00e1s all\u00e1 de los que se obtienen normalmente con el ejercicio en interiores. Un metaan\u00e1lisis, que examin\u00f3 los resultados de 10 estudios del Reino Unido, concluy\u00f3 que hacer ejercicio en la naturaleza tuvo efectos positivos significativos a corto y largo plazo en la autoestima\u2026","rel":"","context":"En \u00abFitness\u00bb","block_context":{"text":"Fitness","link":"https:\/\/blackbeltwhitehat.com\/es\/categoria\/aptitud-fisica\/"},"img":{"alt_text":"","src":"https:\/\/i0.wp.com\/blackbeltwhitehat.com\/wp-content\/uploads\/2016\/02\/thai3.jpg?fit=653%2C490&ssl=1&resize=350%2C200","width":350,"height":200,"srcset":"https:\/\/i0.wp.com\/blackbeltwhitehat.com\/wp-content\/uploads\/2016\/02\/thai3.jpg?fit=653%2C490&ssl=1&resize=350%2C200 1x, https:\/\/i0.wp.com\/blackbeltwhitehat.com\/wp-content\/uploads\/2016\/02\/thai3.jpg?fit=653%2C490&ssl=1&resize=525%2C300 1.5x"},"classes":[]},{"id":9193,"url":"https:\/\/blackbeltwhitehat.com\/es\/2018\/08\/11\/dra-rhonda-patrick-vitamina-d\/","url_meta":{"origin":9535,"position":5},"title":"Dra. Rhonda Patrick \u2013 Vitamina D","author":"Dave","date":"agosto 11, 2018","format":false,"excerpt":"Fuente: Infograf\u00eda sobre la vitamina D de FoundMyFitness. Los niveles bajos de vitamina D se asocian con el estr\u00e9s y las enfermedades. Si bien la correlaci\u00f3n no implica necesariamente causalidad (es decir, niveles bajos de vitamina D en personas estresadas no significa que la vitamina D sea el problema), se asocia con una variedad de problemas de salud mental\u2026","rel":"","context":"En \u00abFitness\u00bb","block_context":{"text":"Fitness","link":"https:\/\/blackbeltwhitehat.com\/es\/categoria\/aptitud-fisica\/"},"img":{"alt_text":"","src":"","width":0,"height":0},"classes":[]}],"jetpack_featured_media_url":"","_links":{"self":[{"href":"https:\/\/blackbeltwhitehat.com\/es\/wp-json\/wp\/v2\/posts\/9535","targetHints":{"allow":["GET"]}}],"collection":[{"href":"https:\/\/blackbeltwhitehat.com\/es\/wp-json\/wp\/v2\/posts"}],"about":[{"href":"https:\/\/blackbeltwhitehat.com\/es\/wp-json\/wp\/v2\/types\/post"}],"author":[{"embeddable":true,"href":"https:\/\/blackbeltwhitehat.com\/es\/wp-json\/wp\/v2\/users\/41980142"}],"replies":[{"embeddable":true,"href":"https:\/\/blackbeltwhitehat.com\/es\/wp-json\/wp\/v2\/comments?post=9535"}],"version-history":[{"count":5,"href":"https:\/\/blackbeltwhitehat.com\/es\/wp-json\/wp\/v2\/posts\/9535\/revisions"}],"predecessor-version":[{"id":9555,"href":"https:\/\/blackbeltwhitehat.com\/es\/wp-json\/wp\/v2\/posts\/9535\/revisions\/9555"}],"wp:attachment":[{"href":"https:\/\/blackbeltwhitehat.com\/es\/wp-json\/wp\/v2\/media?parent=9535"}],"wp:term":[{"taxonomy":"category","embeddable":true,"href":"https:\/\/blackbeltwhitehat.com\/es\/wp-json\/wp\/v2\/categories?post=9535"},{"taxonomy":"post_tag","embeddable":true,"href":"https:\/\/blackbeltwhitehat.com\/es\/wp-json\/wp\/v2\/tags?post=9535"}],"curies":[{"name":"wp","href":"https:\/\/api.w.org\/{rel}","templated":true}]}}