{"id":9535,"date":"2018-10-11T19:46:24","date_gmt":"2018-10-11T19:46:24","guid":{"rendered":"http:\/\/blackbeltwhitehat.com\/?p=9535"},"modified":"2018-10-14T13:52:54","modified_gmt":"2018-10-14T13:52:54","slug":"somos-todos-um-por-isso-ninguem-realmente-morre-ou-vive","status":"publish","type":"post","link":"https:\/\/blackbeltwhitehat.com\/pt\/2018\/10\/11\/somos-todos-um-por-isso-ninguem-realmente-morre-ou-vive\/","title":{"rendered":"Somos Todos Um (Por Que Ningu\u00e9m Morre de Verdade)"},"content":{"rendered":"<p><img data-recalc-dims=\"1\" loading=\"lazy\" decoding=\"async\" data-attachment-id=\"3082\" data-permalink=\"https:\/\/blackbeltwhitehat.com\/pt\/2015\/07\/30\/o-poder-do-agora-resumo\/genki-sudo\/\" data-orig-file=\"https:\/\/i0.wp.com\/blackbeltwhitehat.com\/wp-content\/uploads\/2015\/07\/genki-sudo.jpg?fit=493%2C347&amp;ssl=1\" data-orig-size=\"493,347\" data-comments-opened=\"1\" data-image-meta=\"{&quot;aperture&quot;:&quot;0&quot;,&quot;credit&quot;:&quot;&quot;,&quot;camera&quot;:&quot;&quot;,&quot;caption&quot;:&quot;&quot;,&quot;created_timestamp&quot;:&quot;0&quot;,&quot;copyright&quot;:&quot;&quot;,&quot;focal_length&quot;:&quot;0&quot;,&quot;iso&quot;:&quot;0&quot;,&quot;shutter_speed&quot;:&quot;0&quot;,&quot;title&quot;:&quot;&quot;,&quot;orientation&quot;:&quot;0&quot;}\" data-image-title=\"genki-sudo\" data-image-description=\"&lt;p&gt;Genki&lt;\/p&gt;\" data-image-caption=\"&lt;p&gt;Philosophy&lt;\/p&gt;\" data-large-file=\"https:\/\/i0.wp.com\/blackbeltwhitehat.com\/wp-content\/uploads\/2015\/07\/genki-sudo.jpg?fit=493%2C347&amp;ssl=1\" class=\"alignnone size-full wp-image-3082\" src=\"https:\/\/i0.wp.com\/blackbeltwhitehat.com\/wp-content\/uploads\/2015\/07\/genki-sudo.jpg?resize=493%2C347&#038;ssl=1\" alt=\"Somos todos um\" width=\"493\" height=\"347\" \/><\/p>\n<p>&nbsp;<\/p>\n<p>Ontem foi o Dia Mundial da Sa\u00fade Mental. N\u00e3o sou muito f\u00e3 de dias de &quot;conscientiza\u00e7\u00e3o&quot;, acho que eles trazem problemas, mas n\u00e3o solu\u00e7\u00f5es.<\/p>\n<p>Acho que a depress\u00e3o \u00e9 um problema que tem diversas causas\u2026<\/p>\n<ul>\n<li>Falta de exerc\u00edcios<\/li>\n<li>M\u00e1 alimenta\u00e7\u00e3o e inflama\u00e7\u00e3o intestinal<\/li>\n<li>Falta de luz solar<\/li>\n<li>Passar muito tempo sentado\/M\u00e1 postura<\/li>\n<li>M\u00eddias sociais<\/li>\n<li>Marketing<\/li>\n<li>Merda de TV<\/li>\n<li>Direito<\/li>\n<li>Falta de &#039;\u2018<a href=\"https:\/\/www.psychologytoday.com\/intl\/blog\/out-the-darkness\/201111\/can-suffering-make-us-stronger\" target=\"_blank\" rel=\"noopener\">Sofrimento<\/a>\u2018&#039;\/ser muito protegido<\/li>\n<li>Expectativas irrealistas<\/li>\n<li><a href=\"https:\/\/study.com\/academy\/lesson\/how-seligmans-learned-helplessness-theory-applies-to-human-depression-and-stress.html\" target=\"_blank\" rel=\"noopener\">Desamparo aprendido<\/a> e falta de propriedade<\/li>\n<\/ul>\n<p>Uma quest\u00e3o bastante complicada!<\/p>\n<p>Marketing, redes sociais e expectativas est\u00e3o relacionados principalmente \u00e0 no\u00e7\u00e3o hippie de &#039;somos todos um&#039;...<\/p>\n<hr \/>\n<hr \/>\n<h2>Marketing \u2013 Vender algo, fazer as pessoas se sentirem inseguras e inadequadas.<\/h2>\n<p>Se os centros comerciais fossem frequentados apenas por monges budistas, n\u00e3o venderiam nada.<\/p>\n<p>As pessoas que est\u00e3o satisfeitas ainda t\u00eam &#039;necessidades&#039; como comida, \u00e1gua e abrigo, mas n\u00e3o t\u00eam &#039;desejos&#039; como carros luxuosos, roupas, etc.<\/p>\n<p>A chave do marketing \u00e9 fazer as pessoas pensarem que elas <em>precisar<\/em> certos produtos, que eles realmente s\u00f3 querem.<\/p>\n<p>Quer ser feliz? Voc\u00ea precisa de x, y e z.<\/p>\n<p>Quer ter sucesso? Voc\u00ea precisa de a, b e c.<\/p>\n<p>O melhor de tudo \u00e9 que as pessoas s\u00e3o ing\u00eanuas o suficiente para transmitir suas inseguran\u00e7as aos outros.<\/p>\n<p>Se voc\u00ea n\u00e3o usar as roupas certas, por exemplo, sempre haver\u00e1 algu\u00e9m para zombar de voc\u00ea. Sem perceber que est\u00e3o apenas projetando suas inseguran\u00e7as (e mensagens de marketing) em voc\u00ea.<\/p>\n<p>Existe press\u00e3o para usar as roupas certas, dirigir o carro certo, ter o emprego certo, o c\u00f4njuge certo, filhos, casa certa, etc.<\/p>\n<p>A principal consequ\u00eancia de todas essas mensagens de marketing \u00e9 que nos tornamos inseguros e, portanto, egoc\u00eantricos.<\/p>\n<p>Pensamos no que nos falta, no que queremos, e ficamos absortos em n\u00f3s mesmos e nos sentimos separados dos outros.<\/p>\n<p>Na minha opini\u00e3o, essa separa\u00e7\u00e3o dos outros \u00e9 uma ilus\u00e3o e tamb\u00e9m um problema.<\/p>\n<hr \/>\n<hr \/>\n<h2>Reality shows e m\u00eddias sociais<\/h2>\n<p>Essas inven\u00e7\u00f5es do s\u00e9culo XXI n\u00e3o ajudam porque nos fazem comparar-nos constantemente com os outros e tamb\u00e9m julg\u00e1-los constantemente.<\/p>\n<p>Uma simples rolagem de 30 segundos pelo seu feed de not\u00edcias do Facebook permite que voc\u00ea compare sua vida com a de dezenas de outras pessoas. Geralmente com um resultado desfavor\u00e1vel.<\/p>\n<p>&nbsp;<\/p>\n<p>Vemos pessoas aparentemente est\u00fapidas em programas de TV como TOWIE, ostentando Range Rovers e uma infinidade de outros bens materiais caros, e nos sentimos com direito ao mesmo.<\/p>\n<p>Novamente, quanto mais julgamos, mais nos sentimos com direitos \u2013 porque achamos que somos melhores do que os outros.<\/p>\n<figure id=\"attachment_9538\" aria-describedby=\"caption-attachment-9538\" style=\"width: 444px\" class=\"wp-caption alignnone\"><img data-recalc-dims=\"1\" loading=\"lazy\" decoding=\"async\" data-attachment-id=\"9538\" data-permalink=\"https:\/\/blackbeltwhitehat.com\/pt\/2018\/10\/11\/somos-todos-um-por-isso-ninguem-realmente-morre-ou-vive\/monkeys_unequalpay\/\" data-orig-file=\"https:\/\/i0.wp.com\/blackbeltwhitehat.com\/wp-content\/uploads\/2018\/10\/monkeys_unequalpay.gif?fit=444%2C250&amp;ssl=1\" data-orig-size=\"444,250\" data-comments-opened=\"1\" data-image-meta=\"{&quot;aperture&quot;:&quot;0&quot;,&quot;credit&quot;:&quot;&quot;,&quot;camera&quot;:&quot;&quot;,&quot;caption&quot;:&quot;&quot;,&quot;created_timestamp&quot;:&quot;0&quot;,&quot;copyright&quot;:&quot;&quot;,&quot;focal_length&quot;:&quot;0&quot;,&quot;iso&quot;:&quot;0&quot;,&quot;shutter_speed&quot;:&quot;0&quot;,&quot;title&quot;:&quot;&quot;,&quot;orientation&quot;:&quot;0&quot;}\" data-image-title=\"monkeys_UnequalPay\" data-image-description=\"\" data-image-caption=\"&lt;p&gt;The Monkey On the Left Feels Entitled to the Same Reward as the one on the Right&lt;\/p&gt;\" data-large-file=\"https:\/\/i0.wp.com\/blackbeltwhitehat.com\/wp-content\/uploads\/2018\/10\/monkeys_unequalpay.gif?fit=444%2C250&amp;ssl=1\" class=\"alignnone size-full wp-image-9538\" src=\"https:\/\/i0.wp.com\/blackbeltwhitehat.com\/wp-content\/uploads\/2018\/10\/monkeys_unequalpay.gif?resize=444%2C250&#038;ssl=1\" alt=\"remunera\u00e7\u00e3o desigual\" width=\"444\" height=\"250\" \/><figcaption id=\"caption-attachment-9538\" class=\"wp-caption-text\">O macaco da esquerda acha que tem direito \u00e0 mesma recompensa que o da direita.<\/figcaption><\/figure>\n<p>&nbsp;<\/p>\n<p>Tamb\u00e9m comparamos nossa apar\u00eancia, nossa riqueza e, como consequ\u00eancia, tornamo-nos egoc\u00eantricos.<\/p>\n<p>&nbsp;<\/p>\n<hr \/>\n<hr \/>\n<h2>\u00c9 tudo uma ilus\u00e3o.<\/h2>\n<p>&nbsp;<\/p>\n<blockquote>\n<pre>Os pensamentos egoc\u00eantricos criam a maior parte do nosso sofrimento.<\/pre>\n<\/blockquote>\n<p>Somos mais felizes quando perdemos a no\u00e7\u00e3o de &#039;eu&#039;.<\/p>\n<p>Quando estamos ocupados praticando um esporte e concentrados na bola, ou quando estamos assistindo a um programa de TV emocionante, por exemplo, ambas as situa\u00e7\u00f5es nos afastam da nossa preocupa\u00e7\u00e3o constante conosco mesmos.<\/p>\n<p>A ironia \u00e9 que n\u00e3o existe um eu.<\/p>\n<p>&nbsp;<\/p>\n<hr \/>\n<p>&nbsp;<\/p>\n<p><strong>Analise a situa\u00e7\u00e3o do ponto de vista cient\u00edfico.<\/strong><\/p>\n<ul>\n<li>Todos os \u00e1tomos e mol\u00e9culas em nossos corpos t\u00eam bilh\u00f5es de anos (<a href=\"https:\/\/www.space.com\/35276-humans-made-of-stardust-galaxy-life-elements.html\" target=\"_blank\" rel=\"noopener\">principalmente de estrelas em explos\u00e3o<\/a>)<\/li>\n<li>Seu corpo \u00e9 mat\u00e9ria e energia \u2013 <a href=\"https:\/\/futurism.com\/the-physics-of-death\" target=\"_blank\" rel=\"noopener\">nenhum dos quais pode ser destru\u00eddo<\/a><\/li>\n<li>Trocamos energia continuamente com o ambiente ao nosso redor \u2013 alimentos, calor, etc.<\/li>\n<li>Todos os \u00e1tomos do nosso corpo est\u00e3o em constante troca com o ambiente.<\/li>\n<\/ul>\n<p>Quanto mais separados e isolados nos sentimos uns dos outros, mais doentes mentais parecemos ser.<\/p>\n<p>Ou nos tornamos narcisistas ou extremamente autoconscientes e inseguros. De qualquer forma, s\u00e3o os pensamentos constantes sobre n\u00f3s mesmos que nos incomodam.<\/p>\n<p>\u00c9 tudo besteira, somos todos uma s\u00f3 energia, uma \u00fanica consci\u00eancia paralela.<\/p>\n<p>&nbsp;<\/p>\n<blockquote>\n<h4>Na morte, o conjunto de \u00e1tomos que o comp\u00f5em (um universo dentro do universo) \u00e9 reaproveitado. Esses \u00e1tomos e essa energia, que se originaram durante o Big Bang, sempre existir\u00e3o. Portanto, sua &quot;luz&quot;, ou seja, a ess\u00eancia da sua energia \u2014 que n\u00e3o deve ser confundida com sua consci\u00eancia propriamente dita \u2014 continuar\u00e1 a reverberar pelo espa\u00e7o at\u00e9 o fim dos tempos.<\/h4>\n<\/blockquote>\n<p>&nbsp;<\/p>\n<p>O que \u00e9 o eu?<\/p>\n<p>Isso realmente existe?<\/p>\n<p>Eu n\u00e3o acho<\/p>\n<p><img data-recalc-dims=\"1\" loading=\"lazy\" decoding=\"async\" data-attachment-id=\"9554\" data-permalink=\"https:\/\/blackbeltwhitehat.com\/pt\/2018\/10\/11\/somos-todos-um-por-isso-ninguem-realmente-morre-ou-vive\/allone\/\" data-orig-file=\"https:\/\/i0.wp.com\/blackbeltwhitehat.com\/wp-content\/uploads\/2018\/10\/allone.jpg?fit=564%2C816&amp;ssl=1\" data-orig-size=\"564,816\" data-comments-opened=\"1\" data-image-meta=\"{&quot;aperture&quot;:&quot;0&quot;,&quot;credit&quot;:&quot;&quot;,&quot;camera&quot;:&quot;&quot;,&quot;caption&quot;:&quot;&quot;,&quot;created_timestamp&quot;:&quot;0&quot;,&quot;copyright&quot;:&quot;&quot;,&quot;focal_length&quot;:&quot;0&quot;,&quot;iso&quot;:&quot;0&quot;,&quot;shutter_speed&quot;:&quot;0&quot;,&quot;title&quot;:&quot;&quot;,&quot;orientation&quot;:&quot;0&quot;}\" data-image-title=\"allone\" data-image-description=\"\" data-image-caption=\"\" data-large-file=\"https:\/\/i0.wp.com\/blackbeltwhitehat.com\/wp-content\/uploads\/2018\/10\/allone.jpg?fit=564%2C816&amp;ssl=1\" class=\"alignnone size-full wp-image-9554\" src=\"https:\/\/i0.wp.com\/blackbeltwhitehat.com\/wp-content\/uploads\/2018\/10\/allone.jpg?resize=564%2C816&#038;ssl=1\" alt=\"aln watts\" width=\"564\" height=\"816\" \/><\/p>\n<hr \/>\n<p>&nbsp;<\/p>\n<p><img data-recalc-dims=\"1\" loading=\"lazy\" decoding=\"async\" data-attachment-id=\"9536\" data-permalink=\"https:\/\/blackbeltwhitehat.com\/pt\/2018\/10\/11\/somos-todos-um-por-isso-ninguem-realmente-morre-ou-vive\/death\/\" data-orig-file=\"https:\/\/i0.wp.com\/blackbeltwhitehat.com\/wp-content\/uploads\/2018\/10\/death.png?fit=446%2C596&amp;ssl=1\" data-orig-size=\"446,596\" data-comments-opened=\"1\" data-image-meta=\"{&quot;aperture&quot;:&quot;0&quot;,&quot;credit&quot;:&quot;&quot;,&quot;camera&quot;:&quot;&quot;,&quot;caption&quot;:&quot;&quot;,&quot;created_timestamp&quot;:&quot;0&quot;,&quot;copyright&quot;:&quot;&quot;,&quot;focal_length&quot;:&quot;0&quot;,&quot;iso&quot;:&quot;0&quot;,&quot;shutter_speed&quot;:&quot;0&quot;,&quot;title&quot;:&quot;&quot;,&quot;orientation&quot;:&quot;0&quot;}\" data-image-title=\"death\" data-image-description=\"\" data-image-caption=\"\" data-large-file=\"https:\/\/i0.wp.com\/blackbeltwhitehat.com\/wp-content\/uploads\/2018\/10\/death.png?fit=446%2C596&amp;ssl=1\" class=\"alignnone size-full wp-image-9536\" src=\"https:\/\/i0.wp.com\/blackbeltwhitehat.com\/wp-content\/uploads\/2018\/10\/death.png?resize=446%2C596&#038;ssl=1\" alt=\"morte\" width=\"446\" height=\"596\" \/><\/p>\n<p><a href=\"https:\/\/futurism.com\/the-physics-of-death\" target=\"_blank\" rel=\"noopener\">fonte<\/a><\/p>\n<p>&nbsp;<\/p>\n<hr \/>\n<p>&nbsp;<\/p>\n<p>Para conselhos menos vagos e superficiais sobre depress\u00e3o, escrevi alguns posts mais detalhados sobre o assunto \u2013 que voc\u00ea pode ler aqui. <a href=\"https:\/\/blackbeltwhitehat.com\/pt\/2017\/09\/23\/how-i-overcame-depression-suicidal-thoughts\/\">aqui<\/a> e <a href=\"https:\/\/blackbeltwhitehat.com\/pt\/2016\/10\/20\/dieta-para-depressao-e-ansiedade\/\">aqui<\/a><\/p>\n<p>&nbsp;<\/p>","protected":false},"excerpt":{"rendered":"<p>&nbsp; It was World Mental Health Day yesterday. I&#8217;m not a huge fan of &#8216;awareness&#8217; days, I think they bring problems but not solutions. I think depression is a problem that has a number of causes&#8230; Lack of exercise Poor Diet &amp; Gut inflammation Lack of sunlight Too much sitting\/Poor posture Social Media Marketing Shite [&hellip;]<\/p>\n","protected":false},"author":41980142,"featured_media":0,"comment_status":"open","ping_status":"open","sticky":false,"template":"","format":"standard","meta":{"_coblocks_attr":"","_coblocks_dimensions":"","_coblocks_responsive_height":"","_coblocks_accordion_ie_support":"","_jetpack_newsletter_access":"","_jetpack_dont_email_post_to_subs":false,"_jetpack_newsletter_tier_id":0,"_jetpack_memberships_contains_paywalled_content":false,"_wpcom_ai_launchpad_first_post":false,"_jetpack_feature_clip_id":0,"_jetpack_memberships_contains_paid_content":false,"footnotes":"","jetpack_publicize_message":"","jetpack_publicize_feature_enabled":true,"jetpack_social_post_already_shared":false,"jetpack_social_options":{"image_generator_settings":{"template":"highway","default_image_id":0,"font":"","enabled":false},"version":2},"jetpack_post_was_ever_published":false},"categories":[2007,1],"tags":[3252,5551,5004,160432,34941026,1211,2105776],"class_list":["post-9535","post","type-post","status-publish","format-standard","hentry","category-musings","category-uncategorized","tag-anxiety","tag-depression","tag-mental-health","tag-mental-health-day","tag-mma-2","tag-physics","tag-world-mental-health-day"],"yoast_head":"<!-- This site is optimized with the Yoast SEO plugin v28.4 - https:\/\/yoast.com\/product\/yoast-seo-wordpress\/ -->\n<title>We Are All One (Why Nobody Really Dies) - Fitness &amp; MMA Blog - BlackBeltWhiteHat.com<\/title>\n<meta name=\"robots\" content=\"index, follow, max-snippet:-1, max-image-preview:large, max-video-preview:-1\" \/>\n<link rel=\"canonical\" href=\"https:\/\/blackbeltwhitehat.com\/pt\/2018\/10\/11\/somos-todos-um-por-isso-ninguem-realmente-morre-ou-vive\/\" \/>\n<meta property=\"og:locale\" content=\"pt_PT\" \/>\n<meta property=\"og:type\" content=\"article\" \/>\n<meta property=\"og:title\" content=\"We Are All One (Why Nobody Really Dies) - Fitness &amp; MMA Blog - BlackBeltWhiteHat.com\" \/>\n<meta property=\"og:description\" content=\"&nbsp; It was World Mental Health Day yesterday. I&#8217;m not a huge fan of &#8216;awareness&#8217; days, I think they bring problems but not solutions. I think depression is a problem that has a number of causes&#8230; Lack of exercise Poor Diet &amp; Gut inflammation Lack of sunlight Too much sitting\/Poor posture Social Media Marketing Shite [&hellip;]\" \/>\n<meta property=\"og:url\" content=\"https:\/\/blackbeltwhitehat.com\/pt\/2018\/10\/11\/somos-todos-um-por-isso-ninguem-realmente-morre-ou-vive\/\" \/>\n<meta property=\"og:site_name\" content=\"Fitness &amp; MMA Blog - BlackBeltWhiteHat.com\" \/>\n<meta property=\"article:publisher\" content=\"https:\/\/www.facebook.com\/BlackBeltWhiteHat\/\" \/>\n<meta property=\"article:published_time\" content=\"2018-10-11T19:46:24+00:00\" \/>\n<meta property=\"article:modified_time\" content=\"2018-10-14T13:52:54+00:00\" \/>\n<meta property=\"og:image\" content=\"https:\/\/blackbeltwhitehat.com\/wp-content\/uploads\/2015\/07\/genki-sudo.jpg\" \/>\n<meta name=\"author\" content=\"Dave\" \/>\n<meta name=\"twitter:card\" content=\"summary_large_image\" \/>\n<meta name=\"twitter:creator\" content=\"@MMATraining1980\" \/>\n<meta name=\"twitter:site\" content=\"@MMATraining1980\" \/>\n<meta name=\"twitter:label1\" content=\"Escrito por\" \/>\n\t<meta name=\"twitter:data1\" content=\"Dave\" \/>\n\t<meta name=\"twitter:label2\" content=\"Tempo estimado de leitura\" \/>\n\t<meta name=\"twitter:data2\" content=\"4 minutos\" \/>\n<!-- \/ Yoast SEO plugin. -->","yoast_head_json":{"title":"Somos Todos Um (Por Que Ningu\u00e9m Morre de Verdade) - Blog de Fitness e MMA - BlackBeltWhiteHat.com","robots":{"index":"index","follow":"follow","max-snippet":"max-snippet:-1","max-image-preview":"max-image-preview:large","max-video-preview":"max-video-preview:-1"},"canonical":"https:\/\/blackbeltwhitehat.com\/pt\/2018\/10\/11\/somos-todos-um-por-isso-ninguem-realmente-morre-ou-vive\/","og_locale":"pt_PT","og_type":"article","og_title":"We Are All One (Why Nobody Really Dies) - Fitness &amp; MMA Blog - BlackBeltWhiteHat.com","og_description":"&nbsp; It was World Mental Health Day yesterday. I&#8217;m not a huge fan of &#8216;awareness&#8217; days, I think they bring problems but not solutions. I think depression is a problem that has a number of causes&#8230; Lack of exercise Poor Diet &amp; Gut inflammation Lack of sunlight Too much sitting\/Poor posture Social Media Marketing Shite [&hellip;]","og_url":"https:\/\/blackbeltwhitehat.com\/pt\/2018\/10\/11\/somos-todos-um-por-isso-ninguem-realmente-morre-ou-vive\/","og_site_name":"Fitness &amp; MMA Blog - BlackBeltWhiteHat.com","article_publisher":"https:\/\/www.facebook.com\/BlackBeltWhiteHat\/","article_published_time":"2018-10-11T19:46:24+00:00","article_modified_time":"2018-10-14T13:52:54+00:00","og_image":[{"url":"https:\/\/blackbeltwhitehat.com\/wp-content\/uploads\/2015\/07\/genki-sudo.jpg","type":"","width":"","height":""}],"author":"Dave","twitter_card":"summary_large_image","twitter_creator":"@MMATraining1980","twitter_site":"@MMATraining1980","twitter_misc":{"Escrito por":"Dave","Tempo estimado de leitura":"4 minutos"},"schema":{"@context":"https:\/\/schema.org","@graph":[{"@type":"Article","@id":"https:\/\/blackbeltwhitehat.com\/2018\/10\/11\/we-are-all-one-why-nobody-really-dies-or-lives\/#article","isPartOf":{"@id":"https:\/\/blackbeltwhitehat.com\/2018\/10\/11\/we-are-all-one-why-nobody-really-dies-or-lives\/"},"author":{"name":"Dave","@id":"https:\/\/blackbeltwhitehat.com\/en\/#\/schema\/person\/f009f75d478333ab9af4d98d1c2d03bd"},"headline":"We Are All One (Why Nobody Really Dies)","datePublished":"2018-10-11T19:46:24+00:00","dateModified":"2018-10-14T13:52:54+00:00","mainEntityOfPage":{"@id":"https:\/\/blackbeltwhitehat.com\/2018\/10\/11\/we-are-all-one-why-nobody-really-dies-or-lives\/"},"wordCount":725,"commentCount":0,"publisher":{"@id":"https:\/\/blackbeltwhitehat.com\/en\/#organization"},"image":{"@id":"https:\/\/blackbeltwhitehat.com\/2018\/10\/11\/we-are-all-one-why-nobody-really-dies-or-lives\/#primaryimage"},"thumbnailUrl":"https:\/\/blackbeltwhitehat.com\/wp-content\/uploads\/2015\/07\/genki-sudo.jpg","keywords":["anxiety","depression","mental health","mental health day","mma","physics","world mental health day"],"articleSection":["Musings","Uncategorized"],"inLanguage":"pt-PT","potentialAction":[{"@type":"CommentAction","name":"Comment","target":["https:\/\/blackbeltwhitehat.com\/2018\/10\/11\/we-are-all-one-why-nobody-really-dies-or-lives\/#respond"]}]},{"@type":"WebPage","@id":"https:\/\/blackbeltwhitehat.com\/2018\/10\/11\/we-are-all-one-why-nobody-really-dies-or-lives\/","url":"https:\/\/blackbeltwhitehat.com\/2018\/10\/11\/we-are-all-one-why-nobody-really-dies-or-lives\/","name":"Somos Todos Um (Por Que Ningu\u00e9m Morre de Verdade) - Blog de Fitness e MMA - BlackBeltWhiteHat.com","isPartOf":{"@id":"https:\/\/blackbeltwhitehat.com\/en\/#website"},"primaryImageOfPage":{"@id":"https:\/\/blackbeltwhitehat.com\/2018\/10\/11\/we-are-all-one-why-nobody-really-dies-or-lives\/#primaryimage"},"image":{"@id":"https:\/\/blackbeltwhitehat.com\/2018\/10\/11\/we-are-all-one-why-nobody-really-dies-or-lives\/#primaryimage"},"thumbnailUrl":"https:\/\/blackbeltwhitehat.com\/wp-content\/uploads\/2015\/07\/genki-sudo.jpg","datePublished":"2018-10-11T19:46:24+00:00","dateModified":"2018-10-14T13:52:54+00:00","breadcrumb":{"@id":"https:\/\/blackbeltwhitehat.com\/2018\/10\/11\/we-are-all-one-why-nobody-really-dies-or-lives\/#breadcrumb"},"inLanguage":"pt-PT","potentialAction":[{"@type":"ReadAction","target":["https:\/\/blackbeltwhitehat.com\/2018\/10\/11\/we-are-all-one-why-nobody-really-dies-or-lives\/"]}]},{"@type":"ImageObject","inLanguage":"pt-PT","@id":"https:\/\/blackbeltwhitehat.com\/2018\/10\/11\/we-are-all-one-why-nobody-really-dies-or-lives\/#primaryimage","url":"https:\/\/blackbeltwhitehat.com\/wp-content\/uploads\/2015\/07\/genki-sudo.jpg","contentUrl":"https:\/\/blackbeltwhitehat.com\/wp-content\/uploads\/2015\/07\/genki-sudo.jpg"},{"@type":"BreadcrumbList","@id":"https:\/\/blackbeltwhitehat.com\/2018\/10\/11\/we-are-all-one-why-nobody-really-dies-or-lives\/#breadcrumb","itemListElement":[{"@type":"ListItem","position":1,"name":"Home","item":"https:\/\/blackbeltwhitehat.com\/"},{"@type":"ListItem","position":2,"name":"We Are All One (Why Nobody Really Dies)"}]},{"@type":"WebSite","@id":"https:\/\/blackbeltwhitehat.com\/en\/#website","url":"https:\/\/blackbeltwhitehat.com\/en\/","name":"Blog de Fitness e MMA - BlackBeltWhiteHat.com","description":"Blog de fitness, MMA e nutri\u00e7\u00e3o do Reino Unido","publisher":{"@id":"https:\/\/blackbeltwhitehat.com\/en\/#organization"},"potentialAction":[{"@type":"SearchAction","target":{"@type":"EntryPoint","urlTemplate":"https:\/\/blackbeltwhitehat.com\/en\/?s={search_term_string}"},"query-input":{"@type":"PropertyValueSpecification","valueRequired":true,"valueName":"search_term_string"}}],"inLanguage":"pt-PT"},{"@type":"Organization","@id":"https:\/\/blackbeltwhitehat.com\/en\/#organization","name":"Blog de Fitness e MMA - BlackBeltWhiteHat.com","url":"https:\/\/blackbeltwhitehat.com\/en\/","logo":{"@type":"ImageObject","inLanguage":"pt-PT","@id":"https:\/\/blackbeltwhitehat.com\/en\/#\/schema\/logo\/image\/","url":"https:\/\/blackbeltwhitehat.com\/wp-content\/uploads\/2019\/06\/cropped-mmabloglogodis-copy.png","contentUrl":"https:\/\/blackbeltwhitehat.com\/wp-content\/uploads\/2019\/06\/cropped-mmabloglogodis-copy.png","width":352,"height":352,"caption":"Fitness & MMA Blog - BlackBeltWhiteHat.com"},"image":{"@id":"https:\/\/blackbeltwhitehat.com\/en\/#\/schema\/logo\/image\/"},"sameAs":["https:\/\/www.facebook.com\/BlackBeltWhiteHat\/","https:\/\/x.com\/MMATraining1980"]},{"@type":"Person","@id":"https:\/\/blackbeltwhitehat.com\/en\/#\/schema\/person\/f009f75d478333ab9af4d98d1c2d03bd","name":"Dave","image":{"@type":"ImageObject","inLanguage":"pt-PT","@id":"https:\/\/secure.gravatar.com\/avatar\/e84bb8dd328aa13877039998cc07d77b62f98c8100dba6c4acb436a41e2a08ac?s=96&d=identicon&r=g","url":"https:\/\/secure.gravatar.com\/avatar\/e84bb8dd328aa13877039998cc07d77b62f98c8100dba6c4acb436a41e2a08ac?s=96&d=identicon&r=g","contentUrl":"https:\/\/secure.gravatar.com\/avatar\/e84bb8dd328aa13877039998cc07d77b62f98c8100dba6c4acb436a41e2a08ac?s=96&d=identicon&r=g","caption":"Dave"},"description":"Explorador do Norte do Pa\u00eds de Gales","sameAs":["http:\/\/seoandmma.wordpress.com"],"url":"https:\/\/blackbeltwhitehat.com\/pt\/author\/seoandmma\/"}]}},"jetpack_publicize_connections":[],"jetpack_likes_enabled":true,"jetpack_sharing_enabled":true,"jetpack_shortlink":"https:\/\/wp.me\/p2Sx3t-2tN","jetpack-related-posts":[{"id":6909,"url":"https:\/\/blackbeltwhitehat.com\/pt\/2017\/06\/09\/experiencia-joe-rogan-968-resumo-de-kelly-brogan\/","url_meta":{"origin":9535,"position":0},"title":"Experi\u00eancia Joe Rogan #968 \u2013 Kelly Brogan \u2013 Resumo","author":"Dave","date":"Junho 9, 2017","format":false,"excerpt":"https:\/\/www.youtube.com\/watch?v=cunSB69gaec O tema geral \u00e9 que Kelly Brogan, uma m\u00e9dica formada, costumava prescrever medicamentos para tratar problemas de sa\u00fade mental com pouco sucesso, mas agora utiliza mudan\u00e7as no estilo de vida, incluindo diretrizes alimentares personalizadas (carne vermelha org\u00e2nica \u00e9 essencial, mas sem latic\u00ednios) e enemas de caf\u00e9 - que s\u00e3o considerados\u2026","rel":"","context":"In &quot;MMA&quot;","block_context":{"text":"MMA","link":"https:\/\/blackbeltwhitehat.com\/pt\/categoria\/mma\/"},"img":{"alt_text":"","src":"https:\/\/i0.wp.com\/blackbeltwhitehat.com\/wp-content\/uploads\/2017\/06\/mindofyourown.png?resize=350%2C200&ssl=1","width":350,"height":200},"classes":[]},{"id":6228,"url":"https:\/\/blackbeltwhitehat.com\/pt\/2016\/10\/25\/psilocibina-para-depressao-e-ansiedade\/","url_meta":{"origin":9535,"position":1},"title":"Psilocibina para depress\u00e3o e ansiedade","author":"Dave","date":"Outubro 25, 2016","format":false,"excerpt":"https:\/\/youtu.be\/ZHLJVcpnxXI Psicod\u00e9licos e Sa\u00fade Mental: A psilocibina \u00e9 encontrada em &#039;cogumelos m\u00e1gicos&#039;. Aviso: ingerir os cogumelos errados pode ser fatal! Pesquisas da Escola de Medicina Johns Hopkins demonstraram que pessoas apresentaram uma melhora positiva de longo prazo no humor ap\u00f3s uma sess\u00e3o controlada com psilocibina. 46 participantes, com idade m\u00e9dia de 46 anos, receberam\u2026","rel":"","context":"In &quot;Musings&quot;","block_context":{"text":"Musings","link":"https:\/\/blackbeltwhitehat.com\/pt\/categoria\/reflexoes\/"},"img":{"alt_text":"","src":"https:\/\/i0.wp.com\/img.youtube.com\/vi\/ZHLJVcpnxXI\/0.jpg?resize=350%2C200","width":350,"height":200},"classes":[]},{"id":6157,"url":"https:\/\/blackbeltwhitehat.com\/pt\/2016\/10\/20\/dieta-para-depressao-e-ansiedade\/","url_meta":{"origin":9535,"position":2},"title":"Dieta para depress\u00e3o e ansiedade","author":"Dave","date":"Outubro 20, 2016","format":false,"excerpt":"https:\/\/youtu.be\/8dfzHaqEuZ4 *Dieta por sua conta e risco. Apenas para fins informativos.* A sa\u00fade intestinal est\u00e1 fortemente correlacionada com a depress\u00e3o. Voc\u00ea pode ler um estudo interessante aqui para saber mais. Uma sa\u00fade intestinal prec\u00e1ria resulta em inflama\u00e7\u00e3o. Uma dieta inadequada tamb\u00e9m pode causar danos \u00e0 barreira hematoencef\u00e1lica. Combine os dois e\u2026","rel":"","context":"In &quot;Nutrition&quot;","block_context":{"text":"Nutrition","link":"https:\/\/blackbeltwhitehat.com\/pt\/categoria\/nutricao\/"},"img":{"alt_text":"CBD Oil Infographic","src":"https:\/\/i0.wp.com\/blackbeltwhitehat.com\/wp-content\/uploads\/2017\/07\/cbdoilinfographic4.png?resize=350%2C200&ssl=1","width":350,"height":200,"srcset":"https:\/\/i0.wp.com\/blackbeltwhitehat.com\/wp-content\/uploads\/2017\/07\/cbdoilinfographic4.png?resize=350%2C200&ssl=1 1x, https:\/\/i0.wp.com\/blackbeltwhitehat.com\/wp-content\/uploads\/2017\/07\/cbdoilinfographic4.png?resize=525%2C300&ssl=1 1.5x, https:\/\/i0.wp.com\/blackbeltwhitehat.com\/wp-content\/uploads\/2017\/07\/cbdoilinfographic4.png?resize=700%2C400&ssl=1 2x"},"classes":[]},{"id":8570,"url":"https:\/\/blackbeltwhitehat.com\/pt\/2017\/11\/09\/tratamento-de-dores-musculares-e-articulares\/","url_meta":{"origin":9535,"position":3},"title":"Tratamento de dores musculares e articulares","author":"Dave","date":"Novembro 9, 2017","format":false,"excerpt":"Desde o excesso de treino at\u00e9 ao stress e ansiedade generalizados, as dores musculares e articulares s\u00e3o queixas cada vez mais comuns. A dor pode ser uma causa direta de depress\u00e3o e ansiedade, mas, da mesma forma, os problemas de sa\u00fade mental, incluindo o stress, podem ser a causa da dor. Seja qual for a origem, a dor f\u00edsica e a sa\u00fade mental parecem estar interligadas\u2026","rel":"","context":"In &quot;Fitness&quot;","block_context":{"text":"Fitness","link":"https:\/\/blackbeltwhitehat.com\/pt\/categoria\/fitness\/"},"img":{"alt_text":"treating muscle pain","src":"https:\/\/i0.wp.com\/blackbeltwhitehat.com\/wp-content\/uploads\/2017\/11\/musclepainheader.jpg?resize=350%2C200&ssl=1","width":350,"height":200,"srcset":"https:\/\/i0.wp.com\/blackbeltwhitehat.com\/wp-content\/uploads\/2017\/11\/musclepainheader.jpg?resize=350%2C200&ssl=1 1x, https:\/\/i0.wp.com\/blackbeltwhitehat.com\/wp-content\/uploads\/2017\/11\/musclepainheader.jpg?resize=525%2C300&ssl=1 1.5x, https:\/\/i0.wp.com\/blackbeltwhitehat.com\/wp-content\/uploads\/2017\/11\/musclepainheader.jpg?resize=700%2C400&ssl=1 2x, https:\/\/i0.wp.com\/blackbeltwhitehat.com\/wp-content\/uploads\/2017\/11\/musclepainheader.jpg?resize=1050%2C600&ssl=1 3x, https:\/\/i0.wp.com\/blackbeltwhitehat.com\/wp-content\/uploads\/2017\/11\/musclepainheader.jpg?resize=1400%2C800&ssl=1 4x"},"classes":[]},{"id":5539,"url":"https:\/\/blackbeltwhitehat.com\/pt\/2016\/09\/07\/os-beneficios-de-se-exercitar-ao-ar-livre\/","url_meta":{"origin":9535,"position":4},"title":"Os benef\u00edcios de se exercitar ao ar livre (exerc\u00edcio em meio \u00e0 natureza)","author":"Dave","date":"Setembro 7, 2016","format":false,"excerpt":"https:\/\/www.youtube.com\/watch?v=MyrmT2ZGPr0 Pesquisas sugerem que exercitar-se ao ar livre, em contato com a natureza, traz benef\u00edcios para a sa\u00fade mental que v\u00e3o al\u00e9m dos normalmente obtidos com exerc\u00edcios em ambientes fechados. Uma meta-an\u00e1lise, que examinou os resultados de 10 estudos realizados no Reino Unido, concluiu que exercitar-se na natureza teve efeitos positivos significativos a curto e longo prazo na autoestima\u2026","rel":"","context":"In &quot;Fitness&quot;","block_context":{"text":"Fitness","link":"https:\/\/blackbeltwhitehat.com\/pt\/categoria\/fitness\/"},"img":{"alt_text":"","src":"https:\/\/i0.wp.com\/blackbeltwhitehat.com\/wp-content\/uploads\/2016\/02\/thai3.jpg?fit=653%2C490&ssl=1&resize=350%2C200","width":350,"height":200,"srcset":"https:\/\/i0.wp.com\/blackbeltwhitehat.com\/wp-content\/uploads\/2016\/02\/thai3.jpg?fit=653%2C490&ssl=1&resize=350%2C200 1x, https:\/\/i0.wp.com\/blackbeltwhitehat.com\/wp-content\/uploads\/2016\/02\/thai3.jpg?fit=653%2C490&ssl=1&resize=525%2C300 1.5x"},"classes":[]},{"id":9193,"url":"https:\/\/blackbeltwhitehat.com\/pt\/2018\/08\/11\/dra-rhonda-patrick-vitamina-d\/","url_meta":{"origin":9535,"position":5},"title":"Dra. Rhonda Patrick \u2013 Vitamina D","author":"Dave","date":"Agosto 11, 2018","format":false,"excerpt":"Fonte: FoundMyFitness - Infogr\u00e1fico sobre Vitamina D. Baixos n\u00edveis de vitamina D est\u00e3o associados ao estresse e a doen\u00e7as. Embora correla\u00e7\u00e3o n\u00e3o implique necessariamente causalidade (ou seja, baixos n\u00edveis de vitamina D em pessoas estressadas n\u00e3o significam que a vitamina D seja o problema), ela est\u00e1 associada a uma s\u00e9rie de problemas de sa\u00fade mental\u2026","rel":"","context":"In &quot;Fitness&quot;","block_context":{"text":"Fitness","link":"https:\/\/blackbeltwhitehat.com\/pt\/categoria\/fitness\/"},"img":{"alt_text":"","src":"","width":0,"height":0},"classes":[]}],"jetpack_featured_media_url":"","_links":{"self":[{"href":"https:\/\/blackbeltwhitehat.com\/pt\/wp-json\/wp\/v2\/posts\/9535","targetHints":{"allow":["GET"]}}],"collection":[{"href":"https:\/\/blackbeltwhitehat.com\/pt\/wp-json\/wp\/v2\/posts"}],"about":[{"href":"https:\/\/blackbeltwhitehat.com\/pt\/wp-json\/wp\/v2\/types\/post"}],"author":[{"embeddable":true,"href":"https:\/\/blackbeltwhitehat.com\/pt\/wp-json\/wp\/v2\/users\/41980142"}],"replies":[{"embeddable":true,"href":"https:\/\/blackbeltwhitehat.com\/pt\/wp-json\/wp\/v2\/comments?post=9535"}],"version-history":[{"count":5,"href":"https:\/\/blackbeltwhitehat.com\/pt\/wp-json\/wp\/v2\/posts\/9535\/revisions"}],"predecessor-version":[{"id":9555,"href":"https:\/\/blackbeltwhitehat.com\/pt\/wp-json\/wp\/v2\/posts\/9535\/revisions\/9555"}],"wp:attachment":[{"href":"https:\/\/blackbeltwhitehat.com\/pt\/wp-json\/wp\/v2\/media?parent=9535"}],"wp:term":[{"taxonomy":"category","embeddable":true,"href":"https:\/\/blackbeltwhitehat.com\/pt\/wp-json\/wp\/v2\/categories?post=9535"},{"taxonomy":"post_tag","embeddable":true,"href":"https:\/\/blackbeltwhitehat.com\/pt\/wp-json\/wp\/v2\/tags?post=9535"}],"curies":[{"name":"wp","href":"https:\/\/api.w.org\/{rel}","templated":true}]}}